{"id":12521,"date":"2026-04-29T13:05:25","date_gmt":"2026-04-29T11:05:25","guid":{"rendered":"https:\/\/www.bragdoya.no\/?p=12521"},"modified":"2026-04-29T13:44:22","modified_gmt":"2026-04-29T11:44:22","slug":"sonsdagskafe","status":"publish","type":"post","link":"https:\/\/www.bragdoya.no\/index.php\/2026\/04\/29\/sonsdagskafe\/","title":{"rendered":"S\u00d8NSDAGSKAF\u00c8 &#8211; 2026"},"content":{"rendered":"\n<p>I perioden 26. april 2026 til og med 6. september 2026 er det \u00e5pen S\u00f8ndagskaf\u00e8 p\u00e5 Bragd\u00f8ya.<\/p>\n\n\n\n<p>Bragd\u00f8yab\u00e5ten g\u00e5r fra Lumber 10:00, 11:00 og 12:00 med retur kl. 15:00 og 16:00 fra Bragd\u00f8ya.  <\/p>\n\n\n\n<figure class=\"wp-block-image size-large\"><img decoding=\"async\" loading=\"lazy\" width=\"1024\" height=\"768\" src=\"https:\/\/www.bragdoya.no\/wp-content\/uploads\/2023\/03\/20220723_150740-Levende-kystkultursenter-1024x768.jpg\" alt=\"\" class=\"wp-image-9463\" srcset=\"https:\/\/www.bragdoya.no\/wp-content\/uploads\/2023\/03\/20220723_150740-Levende-kystkultursenter-1024x768.jpg 1024w, https:\/\/www.bragdoya.no\/wp-content\/uploads\/2023\/03\/20220723_150740-Levende-kystkultursenter-300x225.jpg 300w, https:\/\/www.bragdoya.no\/wp-content\/uploads\/2023\/03\/20220723_150740-Levende-kystkultursenter-768x576.jpg 768w, https:\/\/www.bragdoya.no\/wp-content\/uploads\/2023\/03\/20220723_150740-Levende-kystkultursenter-1536x1152.jpg 1536w, https:\/\/www.bragdoya.no\/wp-content\/uploads\/2023\/03\/20220723_150740-Levende-kystkultursenter-16x12.jpg 16w, https:\/\/www.bragdoya.no\/wp-content\/uploads\/2023\/03\/20220723_150740-Levende-kystkultursenter-1440x1080.jpg 1440w, https:\/\/www.bragdoya.no\/wp-content\/uploads\/2023\/03\/20220723_150740-Levende-kystkultursenter.jpg 1672w\" sizes=\"(max-width: 1024px) 100vw, 1024px\" \/><\/figure>\n","protected":false},"excerpt":{"rendered":"<p>I perioden 26. april 2026 til og med 6. september 2026 er det \u00e5pen S\u00f8ndagskaf\u00e8 p\u00e5 Bragd\u00f8ya. Bragd\u00f8yab\u00e5ten g\u00e5r fra Lumber 10:00, 11:00 og 12:00 med retur kl. 15:00 og 16:00 fra Bragd\u00f8ya.<\/p>\n","protected":false},"author":16,"featured_media":6961,"comment_status":"closed","ping_status":"closed","sticky":false,"template":"","format":"standard","meta":[],"categories":[258],"tags":[34,211,229,95],"_links":{"self":[{"href":"https:\/\/www.bragdoya.no\/index.php\/wp-json\/wp\/v2\/posts\/12521"}],"collection":[{"href":"https:\/\/www.bragdoya.no\/index.php\/wp-json\/wp\/v2\/posts"}],"about":[{"href":"https:\/\/www.bragdoya.no\/index.php\/wp-json\/wp\/v2\/types\/post"}],"author":[{"embeddable":true,"href":"https:\/\/www.bragdoya.no\/index.php\/wp-json\/wp\/v2\/users\/16"}],"replies":[{"embeddable":true,"href":"https:\/\/www.bragdoya.no\/index.php\/wp-json\/wp\/v2\/comments?post=12521"}],"version-history":[{"count":3,"href":"https:\/\/www.bragdoya.no\/index.php\/wp-json\/wp\/v2\/posts\/12521\/revisions"}],"predecessor-version":[{"id":12529,"href":"https:\/\/www.bragdoya.no\/index.php\/wp-json\/wp\/v2\/posts\/12521\/revisions\/12529"}],"wp:featuredmedia":[{"embeddable":true,"href":"https:\/\/www.bragdoya.no\/index.php\/wp-json\/wp\/v2\/media\/6961"}],"wp:attachment":[{"href":"https:\/\/www.bragdoya.no\/index.php\/wp-json\/wp\/v2\/media?parent=12521"}],"wp:term":[{"taxonomy":"category","embeddable":true,"href":"https:\/\/www.bragdoya.no\/index.php\/wp-json\/wp\/v2\/categories?post=12521"},{"taxonomy":"post_tag","embeddable":true,"href":"https:\/\/www.bragdoya.no\/index.php\/wp-json\/wp\/v2\/tags?post=12521"}],"curies":[{"name":"wp","href":"https:\/\/api.w.org\/{rel}","templated":true}]}}